{"id":9791,"date":"2021-03-31T18:42:45","date_gmt":"2021-03-31T21:42:45","guid":{"rendered":"https:\/\/coronelxavierchaves.mg.gov.br\/prefeitura\/?p=9791"},"modified":"2021-04-01T08:28:36","modified_gmt":"2021-04-01T11:28:36","slug":"coronel-xavier-chaves-bate-o-primeiro-recorde-do-municipio-em-vacinacao-diaria-contra-covid-19","status":"publish","type":"post","link":"https:\/\/coronelxavierchaves.mg.gov.br\/prefeitura\/2021\/03\/31\/coronel-xavier-chaves-bate-o-primeiro-recorde-do-municipio-em-vacinacao-diaria-contra-covid-19\/","title":{"rendered":"Coronel Xavier Chaves bate o primeiro recorde do munic\u00edpio em vacina\u00e7\u00e3o di\u00e1ria contra covid-19"},"content":{"rendered":"<p><img loading=\"lazy\" decoding=\"async\" class=\"aligncenter wp-image-9798 size-large\" src=\"http:\/\/coronelxavierchaves.mg.gov.br\/prefeitura\/wp-content\/uploads\/2021\/03\/27-Noticia-sobre-recorde-vacinacao-1-1024x1024.jpg\" alt=\"\" width=\"696\" height=\"696\" srcset=\"https:\/\/coronelxavierchaves.mg.gov.br\/prefeitura\/wp-content\/uploads\/2021\/03\/27-Noticia-sobre-recorde-vacinacao-1-1024x1024.jpg 1024w, https:\/\/coronelxavierchaves.mg.gov.br\/prefeitura\/wp-content\/uploads\/2021\/03\/27-Noticia-sobre-recorde-vacinacao-1-300x300.jpg 300w, https:\/\/coronelxavierchaves.mg.gov.br\/prefeitura\/wp-content\/uploads\/2021\/03\/27-Noticia-sobre-recorde-vacinacao-1-130x130.jpg 130w, https:\/\/coronelxavierchaves.mg.gov.br\/prefeitura\/wp-content\/uploads\/2021\/03\/27-Noticia-sobre-recorde-vacinacao-1-scaled.jpg 768w, https:\/\/coronelxavierchaves.mg.gov.br\/prefeitura\/wp-content\/uploads\/2021\/03\/27-Noticia-sobre-recorde-vacinacao-1-1536x1536.jpg 1536w, https:\/\/coronelxavierchaves.mg.gov.br\/prefeitura\/wp-content\/uploads\/2021\/03\/27-Noticia-sobre-recorde-vacinacao-1-2048x2048.jpg 2048w, https:\/\/coronelxavierchaves.mg.gov.br\/prefeitura\/wp-content\/uploads\/2021\/03\/27-Noticia-sobre-recorde-vacinacao-1-696x696.jpg 696w, https:\/\/coronelxavierchaves.mg.gov.br\/prefeitura\/wp-content\/uploads\/2021\/03\/27-Noticia-sobre-recorde-vacinacao-1-1068x1068.jpg 1068w, https:\/\/coronelxavierchaves.mg.gov.br\/prefeitura\/wp-content\/uploads\/2021\/03\/27-Noticia-sobre-recorde-vacinacao-1-420x420.jpg 420w, https:\/\/coronelxavierchaves.mg.gov.br\/prefeitura\/wp-content\/uploads\/2021\/03\/27-Noticia-sobre-recorde-vacinacao-1-1920x1920.jpg 1920w, https:\/\/coronelxavierchaves.mg.gov.br\/prefeitura\/wp-content\/uploads\/2021\/03\/27-Noticia-sobre-recorde-vacinacao-1-45x45.jpg 45w\" sizes=\"auto, (max-width: 696px) 100vw, 696px\" \/><\/p>\n<div>\n<div style=\"text-align: justify;\">A equipe do PSF realizou hoje, dia 31 de mar\u00e7o de 2021, a vacina\u00e7\u00e3o de 80 idosos. Este foi o maior n\u00famero de vacinados por dia at\u00e9 hoje que o munic\u00edpio j\u00e1 alcan\u00e7ou, totalizando 452 pessoas vacinadas sendo 386 idosos e 66 trabalhadores de sa\u00fade. Tudo isso gra\u00e7as ao recebimento de doses disponibilizadas pelo Governo Federal e Estadual. A expectativa \u00e9 de que esse n\u00famero cres\u00e7a ainda mais nas pr\u00f3ximas semanas com a chegada de mais vacinas.<\/div>\n<\/div>\n<div>\n<div>#vacina #campanhadevacina\u00e7\u00e3o #vacinacovid19<\/div>\n<\/div>\n","protected":false},"excerpt":{"rendered":"<p>A equipe do PSF realizou hoje, dia 31 de mar\u00e7o de 2021, a vacina\u00e7\u00e3o de 80 idosos. Este foi o maior n\u00famero de vacinados por dia at\u00e9 hoje que o munic\u00edpio j\u00e1 alcan\u00e7ou, totalizando 452 pessoas vacinadas sendo 386 idosos e 66 trabalhadores de sa\u00fade. Tudo isso gra\u00e7as ao recebimento de doses disponibilizadas pelo Governo [&hellip;]<\/p>\n","protected":false},"author":3,"featured_media":9798,"comment_status":"open","ping_status":"open","sticky":false,"template":"","format":"standard","meta":{"footnotes":"","_links_to":"","_links_to_target":""},"categories":[1],"tags":[],"class_list":{"0":"post-9791","1":"post","2":"type-post","3":"status-publish","4":"format-standard","5":"has-post-thumbnail","7":"category-noticias"},"_links":{"self":[{"href":"https:\/\/coronelxavierchaves.mg.gov.br\/prefeitura\/wp-json\/wp\/v2\/posts\/9791","targetHints":{"allow":["GET"]}}],"collection":[{"href":"https:\/\/coronelxavierchaves.mg.gov.br\/prefeitura\/wp-json\/wp\/v2\/posts"}],"about":[{"href":"https:\/\/coronelxavierchaves.mg.gov.br\/prefeitura\/wp-json\/wp\/v2\/types\/post"}],"author":[{"embeddable":true,"href":"https:\/\/coronelxavierchaves.mg.gov.br\/prefeitura\/wp-json\/wp\/v2\/users\/3"}],"replies":[{"embeddable":true,"href":"https:\/\/coronelxavierchaves.mg.gov.br\/prefeitura\/wp-json\/wp\/v2\/comments?post=9791"}],"version-history":[{"count":2,"href":"https:\/\/coronelxavierchaves.mg.gov.br\/prefeitura\/wp-json\/wp\/v2\/posts\/9791\/revisions"}],"predecessor-version":[{"id":9799,"href":"https:\/\/coronelxavierchaves.mg.gov.br\/prefeitura\/wp-json\/wp\/v2\/posts\/9791\/revisions\/9799"}],"wp:featuredmedia":[{"embeddable":true,"href":"https:\/\/coronelxavierchaves.mg.gov.br\/prefeitura\/wp-json\/wp\/v2\/media\/9798"}],"wp:attachment":[{"href":"https:\/\/coronelxavierchaves.mg.gov.br\/prefeitura\/wp-json\/wp\/v2\/media?parent=9791"}],"wp:term":[{"taxonomy":"category","embeddable":true,"href":"https:\/\/coronelxavierchaves.mg.gov.br\/prefeitura\/wp-json\/wp\/v2\/categories?post=9791"},{"taxonomy":"post_tag","embeddable":true,"href":"https:\/\/coronelxavierchaves.mg.gov.br\/prefeitura\/wp-json\/wp\/v2\/tags?post=9791"}],"curies":[{"name":"wp","href":"https:\/\/api.w.org\/{rel}","templated":true}]}}