{"id":9893,"date":"2021-04-09T18:50:32","date_gmt":"2021-04-09T21:50:32","guid":{"rendered":"http:\/\/coronelxavierchaves.mg.gov.br\/prefeitura\/?p=9893"},"modified":"2021-04-09T18:51:39","modified_gmt":"2021-04-09T21:51:39","slug":"coronel-xavier-chaves-inicia-na-proxima-semana-a-campanha-nacional-de-vacinacao-contra-influenza","status":"publish","type":"post","link":"https:\/\/coronelxavierchaves.mg.gov.br\/prefeitura\/2021\/04\/09\/coronel-xavier-chaves-inicia-na-proxima-semana-a-campanha-nacional-de-vacinacao-contra-influenza\/","title":{"rendered":"Coronel Xavier Chaves inicia na pr\u00f3xima semana a Campanha Nacional de Vacina\u00e7\u00e3o contra Influenza"},"content":{"rendered":"<p style=\"text-align: justify;\">Na pr\u00f3xima segunda-feira, dia 12 de abril de 2021 come\u00e7ar\u00e1 em Coronel Xavier Chaves a 23\u00aa Campanha Nacional de Vacina\u00e7\u00e3o contra Influenza. A vacina\u00e7\u00e3o contra a gripe ocorrer\u00e1 no per\u00edodo de 12 de abril at\u00e9 09 de julho de 2021.<\/p>\n<p style=\"text-align: justify;\">\nJ\u00e1 foram recebidas 80 doses da vacina, que inicialmente ser\u00e3o aplicadas nos trabalhadores da sa\u00fade, seguido das gestantes, pu\u00e9rperas e crian\u00e7as. Os relat\u00f3rios da campanha ser\u00e3o publicados nas redes sociais e site da prefeitura para que a popula\u00e7\u00e3o acompanhe com clareza.<\/p>\n","protected":false},"excerpt":{"rendered":"<p>Na pr\u00f3xima segunda-feira, dia 12 de abril de 2021 come\u00e7ar\u00e1 em Coronel Xavier Chaves a 23\u00aa Campanha Nacional de Vacina\u00e7\u00e3o contra Influenza. A vacina\u00e7\u00e3o contra a gripe ocorrer\u00e1 no per\u00edodo de 12 de abril at\u00e9 09 de julho de 2021. J\u00e1 foram recebidas 80 doses da vacina, que inicialmente ser\u00e3o aplicadas nos trabalhadores da sa\u00fade, [&hellip;]<\/p>\n","protected":false},"author":3,"featured_media":9894,"comment_status":"open","ping_status":"open","sticky":false,"template":"","format":"standard","meta":{"footnotes":"","_links_to":"","_links_to_target":""},"categories":[1],"tags":[],"class_list":{"0":"post-9893","1":"post","2":"type-post","3":"status-publish","4":"format-standard","5":"has-post-thumbnail","7":"category-noticias"},"_links":{"self":[{"href":"https:\/\/coronelxavierchaves.mg.gov.br\/prefeitura\/wp-json\/wp\/v2\/posts\/9893","targetHints":{"allow":["GET"]}}],"collection":[{"href":"https:\/\/coronelxavierchaves.mg.gov.br\/prefeitura\/wp-json\/wp\/v2\/posts"}],"about":[{"href":"https:\/\/coronelxavierchaves.mg.gov.br\/prefeitura\/wp-json\/wp\/v2\/types\/post"}],"author":[{"embeddable":true,"href":"https:\/\/coronelxavierchaves.mg.gov.br\/prefeitura\/wp-json\/wp\/v2\/users\/3"}],"replies":[{"embeddable":true,"href":"https:\/\/coronelxavierchaves.mg.gov.br\/prefeitura\/wp-json\/wp\/v2\/comments?post=9893"}],"version-history":[{"count":2,"href":"https:\/\/coronelxavierchaves.mg.gov.br\/prefeitura\/wp-json\/wp\/v2\/posts\/9893\/revisions"}],"predecessor-version":[{"id":9896,"href":"https:\/\/coronelxavierchaves.mg.gov.br\/prefeitura\/wp-json\/wp\/v2\/posts\/9893\/revisions\/9896"}],"wp:featuredmedia":[{"embeddable":true,"href":"https:\/\/coronelxavierchaves.mg.gov.br\/prefeitura\/wp-json\/wp\/v2\/media\/9894"}],"wp:attachment":[{"href":"https:\/\/coronelxavierchaves.mg.gov.br\/prefeitura\/wp-json\/wp\/v2\/media?parent=9893"}],"wp:term":[{"taxonomy":"category","embeddable":true,"href":"https:\/\/coronelxavierchaves.mg.gov.br\/prefeitura\/wp-json\/wp\/v2\/categories?post=9893"},{"taxonomy":"post_tag","embeddable":true,"href":"https:\/\/coronelxavierchaves.mg.gov.br\/prefeitura\/wp-json\/wp\/v2\/tags?post=9893"}],"curies":[{"name":"wp","href":"https:\/\/api.w.org\/{rel}","templated":true}]}}