{"id":9897,"date":"2021-04-13T16:49:49","date_gmt":"2021-04-13T19:49:49","guid":{"rendered":"http:\/\/coronelxavierchaves.mg.gov.br\/prefeitura\/?p=9897"},"modified":"2021-04-13T16:51:13","modified_gmt":"2021-04-13T19:51:13","slug":"coronel-xavier-chaves-permanecera-na-onda-roxa-ate-o-dia-18-04-2021-segundo-orientacoes-do-plano-minas-consciente","status":"publish","type":"post","link":"https:\/\/coronelxavierchaves.mg.gov.br\/prefeitura\/2021\/04\/13\/coronel-xavier-chaves-permanecera-na-onda-roxa-ate-o-dia-18-04-2021-segundo-orientacoes-do-plano-minas-consciente\/","title":{"rendered":"Coronel Xavier Chaves permanecer\u00e1 na onda roxa at\u00e9 o dia 18\/04\/2021 segundo orienta\u00e7\u00f5es do Plano Minas Consciente"},"content":{"rendered":"<p style=\"text-align: justify;\">Coronel Xavier Chaves permanecer\u00e1 na onda roxa at\u00e9 o dia 18\/04\/2021 segundo orienta\u00e7\u00f5es do Plano Minas Consciente.<\/p>\n<p style=\"text-align: justify;\">Coronel Xavier Chaves, assim como a maior parte dos munic\u00edpios de Minas Gerais continuar\u00e1 na onda roxa at\u00e9 o dia 18 de abril de 2021. Para mais informa\u00e7\u00f5es sobre o protocolo acesse o site:\u00a0<a href=\"https:\/\/www.mg.gov.br\/minasconsciente\">https:\/\/www.mg.gov.br\/minasconsciente<\/a><\/p>\n<p style=\"text-align: justify;\">Para saber sobre as atualiza\u00e7\u00f5es das ondas no munic\u00edpio continue acompanhando as redes sociais da prefeitura.<\/p>\n","protected":false},"excerpt":{"rendered":"<p>Coronel Xavier Chaves permanecer\u00e1 na onda roxa at\u00e9 o dia 18\/04\/2021 segundo orienta\u00e7\u00f5es do Plano Minas Consciente. Coronel Xavier Chaves, assim como a maior parte dos munic\u00edpios de Minas Gerais continuar\u00e1 na onda roxa at\u00e9 o dia 18 de abril de 2021. Para mais informa\u00e7\u00f5es sobre o protocolo acesse o site:\u00a0https:\/\/www.mg.gov.br\/minasconsciente Para saber sobre as [&hellip;]<\/p>\n","protected":false},"author":3,"featured_media":9898,"comment_status":"open","ping_status":"open","sticky":false,"template":"","format":"standard","meta":{"footnotes":"","_links_to":"","_links_to_target":""},"categories":[1],"tags":[],"class_list":{"0":"post-9897","1":"post","2":"type-post","3":"status-publish","4":"format-standard","5":"has-post-thumbnail","7":"category-noticias"},"_links":{"self":[{"href":"https:\/\/coronelxavierchaves.mg.gov.br\/prefeitura\/wp-json\/wp\/v2\/posts\/9897","targetHints":{"allow":["GET"]}}],"collection":[{"href":"https:\/\/coronelxavierchaves.mg.gov.br\/prefeitura\/wp-json\/wp\/v2\/posts"}],"about":[{"href":"https:\/\/coronelxavierchaves.mg.gov.br\/prefeitura\/wp-json\/wp\/v2\/types\/post"}],"author":[{"embeddable":true,"href":"https:\/\/coronelxavierchaves.mg.gov.br\/prefeitura\/wp-json\/wp\/v2\/users\/3"}],"replies":[{"embeddable":true,"href":"https:\/\/coronelxavierchaves.mg.gov.br\/prefeitura\/wp-json\/wp\/v2\/comments?post=9897"}],"version-history":[{"count":4,"href":"https:\/\/coronelxavierchaves.mg.gov.br\/prefeitura\/wp-json\/wp\/v2\/posts\/9897\/revisions"}],"predecessor-version":[{"id":9902,"href":"https:\/\/coronelxavierchaves.mg.gov.br\/prefeitura\/wp-json\/wp\/v2\/posts\/9897\/revisions\/9902"}],"wp:featuredmedia":[{"embeddable":true,"href":"https:\/\/coronelxavierchaves.mg.gov.br\/prefeitura\/wp-json\/wp\/v2\/media\/9898"}],"wp:attachment":[{"href":"https:\/\/coronelxavierchaves.mg.gov.br\/prefeitura\/wp-json\/wp\/v2\/media?parent=9897"}],"wp:term":[{"taxonomy":"category","embeddable":true,"href":"https:\/\/coronelxavierchaves.mg.gov.br\/prefeitura\/wp-json\/wp\/v2\/categories?post=9897"},{"taxonomy":"post_tag","embeddable":true,"href":"https:\/\/coronelxavierchaves.mg.gov.br\/prefeitura\/wp-json\/wp\/v2\/tags?post=9897"}],"curies":[{"name":"wp","href":"https:\/\/api.w.org\/{rel}","templated":true}]}}