{"id":9911,"date":"2021-04-14T14:47:07","date_gmt":"2021-04-14T17:47:07","guid":{"rendered":"http:\/\/coronelxavierchaves.mg.gov.br\/prefeitura\/?p=9911"},"modified":"2021-06-11T15:26:43","modified_gmt":"2021-06-11T18:26:43","slug":"decreto-no-3-547-dispoe-sobre-a-realizacao-de-cultos-religiosos-durante-a-pandemia","status":"publish","type":"post","link":"https:\/\/coronelxavierchaves.mg.gov.br\/prefeitura\/2021\/04\/14\/decreto-no-3-547-dispoe-sobre-a-realizacao-de-cultos-religiosos-durante-a-pandemia\/","title":{"rendered":"Decreto N\u00ba 3.547 &#8211; Disp\u00f5e sobre a realiza\u00e7\u00e3o de cultos religiosos durante a pandemia"},"content":{"rendered":"<p style=\"text-align: justify;\">&#8220;Disp\u00f5e sobre a realiza\u00e7\u00e3o de cultos religiosos durante a pandemia provocada pelo COVID19 e d\u00e1 outras provid\u00eancias&#8221;<\/p>\n<ul>\n<li><a href=\"http:\/\/coronelxavierchaves.mg.gov.br\/prefeitura\/wp-content\/uploads\/2021\/04\/Decreto-No-3547-de-14-de-Abril-de-2021.pdf\">Decreto n\u00ba 3.547 de 14 de Abril de 2021<\/a>, publicado em 14\/04\/2021 \u00e0s 14:48.<\/li>\n<\/ul>\n","protected":false},"excerpt":{"rendered":"<p>&#8220;Disp\u00f5e sobre a realiza\u00e7\u00e3o de cultos religiosos durante a pandemia provocada pelo COVID19 e d\u00e1 outras provid\u00eancias&#8221; Decreto n\u00ba 3.547 de 14 de Abril de 2021, publicado em 14\/04\/2021 \u00e0s 14:48.<\/p>\n","protected":false},"author":3,"featured_media":9920,"comment_status":"open","ping_status":"open","sticky":false,"template":"","format":"standard","meta":{"footnotes":"","_links_to":"","_links_to_target":""},"categories":[76,1],"tags":[],"class_list":{"0":"post-9911","1":"post","2":"type-post","3":"status-publish","4":"format-standard","5":"has-post-thumbnail","7":"category-decretos-2021","8":"category-noticias"},"_links":{"self":[{"href":"https:\/\/coronelxavierchaves.mg.gov.br\/prefeitura\/wp-json\/wp\/v2\/posts\/9911","targetHints":{"allow":["GET"]}}],"collection":[{"href":"https:\/\/coronelxavierchaves.mg.gov.br\/prefeitura\/wp-json\/wp\/v2\/posts"}],"about":[{"href":"https:\/\/coronelxavierchaves.mg.gov.br\/prefeitura\/wp-json\/wp\/v2\/types\/post"}],"author":[{"embeddable":true,"href":"https:\/\/coronelxavierchaves.mg.gov.br\/prefeitura\/wp-json\/wp\/v2\/users\/3"}],"replies":[{"embeddable":true,"href":"https:\/\/coronelxavierchaves.mg.gov.br\/prefeitura\/wp-json\/wp\/v2\/comments?post=9911"}],"version-history":[{"count":3,"href":"https:\/\/coronelxavierchaves.mg.gov.br\/prefeitura\/wp-json\/wp\/v2\/posts\/9911\/revisions"}],"predecessor-version":[{"id":9915,"href":"https:\/\/coronelxavierchaves.mg.gov.br\/prefeitura\/wp-json\/wp\/v2\/posts\/9911\/revisions\/9915"}],"wp:featuredmedia":[{"embeddable":true,"href":"https:\/\/coronelxavierchaves.mg.gov.br\/prefeitura\/wp-json\/wp\/v2\/media\/9920"}],"wp:attachment":[{"href":"https:\/\/coronelxavierchaves.mg.gov.br\/prefeitura\/wp-json\/wp\/v2\/media?parent=9911"}],"wp:term":[{"taxonomy":"category","embeddable":true,"href":"https:\/\/coronelxavierchaves.mg.gov.br\/prefeitura\/wp-json\/wp\/v2\/categories?post=9911"},{"taxonomy":"post_tag","embeddable":true,"href":"https:\/\/coronelxavierchaves.mg.gov.br\/prefeitura\/wp-json\/wp\/v2\/tags?post=9911"}],"curies":[{"name":"wp","href":"https:\/\/api.w.org\/{rel}","templated":true}]}}